{"headers": {"id": "ID", "data_inicio": "Abertura", "hora_inicio": "Hor\u00e1rio (hh:mm)", "data_fim": "Encerramento", "hora_fim": "Hor\u00e1rio (hh:mm)", "": "T\u00edtulo"}, "results": [{"id": "703", "data_inicio": "2026-04-06", "hora_inicio": "19:30", "data_fim": "", "hora_fim": "", "": "8\u00aa Ordin\u00e1ria da 1\u00aa Sess\u00e3o Legislativa da 12\u00aa Legislatura"}, {"id": "702", "data_inicio": "2026-03-30", "hora_inicio": "19:30", "data_fim": "", "hora_fim": "", "": "7\u00aa Ordin\u00e1ria da 1\u00aa Sess\u00e3o Legislativa da 12\u00aa Legislatura"}, {"id": "701", "data_inicio": "2026-03-23", "hora_inicio": "19:30", "data_fim": "", "hora_fim": "", "": "6\u00aa Ordin\u00e1ria da 1\u00aa Sess\u00e3o Legislativa da 12\u00aa Legislatura"}, {"id": "700", "data_inicio": "2026-03-16", "hora_inicio": "19:30", "data_fim": "", "hora_fim": "", "": "5\u00aa Ordin\u00e1ria da 1\u00aa Sess\u00e3o Legislativa da 12\u00aa Legislatura"}, {"id": "699", "data_inicio": "2026-03-09", "hora_inicio": "19:30", "data_fim": "", "hora_fim": "", "": "4\u00aa Ordin\u00e1ria da 1\u00aa Sess\u00e3o Legislativa da 12\u00aa Legislatura"}, {"id": "698", "data_inicio": "2026-03-02", "hora_inicio": "19:30", "data_fim": "", "hora_fim": "", "": "3\u00aa Ordin\u00e1ria da 1\u00aa Sess\u00e3o Legislativa da 12\u00aa Legislatura"}, {"id": "697", "data_inicio": "2026-02-23", "hora_inicio": "19:30", "data_fim": "", "hora_fim": "", "": "2\u00aa Ordin\u00e1ria da 1\u00aa Sess\u00e3o Legislativa da 12\u00aa Legislatura"}, {"id": "706", "data_inicio": "2026-02-03", "hora_inicio": "19:30", "data_fim": "", "hora_fim": "", "": "3\u00aa Extraordin\u00e1ria da 1\u00aa Sess\u00e3o Legislativa da 12\u00aa Legislatura"}, {"id": "696", "data_inicio": "2026-02-02", "hora_inicio": "19:30", "data_fim": "", "hora_fim": "", "": "1\u00aa Ordin\u00e1ria da 1\u00aa Sess\u00e3o Legislativa da 12\u00aa Legislatura"}, {"id": "705", "data_inicio": "2026-01-16", "hora_inicio": "19:30", "data_fim": "", "hora_fim": "", "": "2\u00aa Extraordin\u00e1ria da 1\u00aa Sess\u00e3o Legislativa da 12\u00aa Legislatura"}, {"id": "704", "data_inicio": "2026-01-15", "hora_inicio": "19:30", "data_fim": "", "hora_fim": "", "": "1\u00aa Extraordin\u00e1ria da 1\u00aa Sess\u00e3o Legislativa da 12\u00aa Legislatura"}]}