{"id":730,"__str__":"Indica\u00e7\u00e3o n\u00ba 39 de 2021","link_detail_backend":"/materia/730","metadata":{},"numero":39,"ano":2021,"numero_protocolo":null,"data_apresentacao":"2021-10-07","tipo_apresentacao":"E","data_publicacao":null,"numero_origem_externa":"","ano_origem_externa":null,"data_origem_externa":null,"apelido":"","dias_prazo":null,"data_fim_prazo":null,"em_tramitacao":false,"polemica":false,"objeto":"","complementar":false,"ementa":"1\u00aa - Fixar uma placa, sinalizando que naquele local se encontra o pr\u00e9dio da Capela Mortu\u00e1ria, o senhor vereador salienta que muitas pessoas principalmente quem vem de cidades vizinhas n\u00e3o sabem onde fica a capela, portanto \u00e9 extremamente necess\u00e1ria essa sinaliza\u00e7\u00e3o.\r\n\r\n2\u00ba - Que o Poder Executivo reivindique junto a Sanepar ou empresa respons\u00e1vel, tapar os buracos existentes no meio da rua depois de realizarem as obras de manuten\u00e7\u00e3o. \r\n\r\n3\u00ba- Conceder o dia de folga ao servidor publico municipal, no dia do seu anivers\u00e1rio.","indexacao":"","observacao":"","resultado":"","texto_original":"http://sapl.riobom.pr.leg.br/media/sapl/public/materialegislativa/2021/730/039-_amarildo__varias.pdf","data_ultima_atualizacao":"2021-10-14T08:36:51.967308-03:00","ip":"177.220.191.226","ultima_edicao":"2021-10-14T08:35:40.296368-03:00","tipo":3,"regime_tramitacao":1,"tipo_origem_externa":null,"local_origem_externa":null,"user":2,"anexadas":[],"autores":[1]}